{"id":2361,"date":"2022-06-27T08:54:06","date_gmt":"2022-06-27T08:54:06","guid":{"rendered":"https:\/\/comunicarteconsulting.com\/uma-fantastic-film-festival\/"},"modified":"2023-09-01T10:30:48","modified_gmt":"2023-09-01T10:30:48","slug":"uma-fantastic-film-festival","status":"publish","type":"post","link":"https:\/\/comunicarteconsulting.com\/en\/uma-fantastic-film-festival\/","title":{"rendered":"UMA Fantastic Film Festival"},"content":{"rendered":"\n<p><strong>November 2022:<\/strong>Organization of the closing ceremony of the 32nd edition of the Fantastic Film Festival of the University of Malaga.<\/p>\n\n<figure class=\"wp-block-gallery has-nested-images columns-default is-cropped wp-block-gallery-1 is-layout-flex wp-block-gallery-is-layout-flex\">\n<figure class=\"wp-block-image size-large\"><a href=\"https:\/\/comunicarte.proyectoscoonic.es\/wp-content\/uploads\/2023\/06\/fancine_5.jpeg\"><img decoding=\"async\" loading=\"lazy\" width=\"1024\" height=\"768\" data-id=\"1597\" src=\"https:\/\/comunicarte.proyectoscoonic.es\/wp-content\/uploads\/2023\/06\/fancine_5-1024x768.jpeg\" alt=\"\" class=\"wp-image-1597\" srcset=\"https:\/\/comunicarteconsulting.com\/wp-content\/uploads\/2023\/06\/fancine_5-1024x768.jpeg 1024w, https:\/\/comunicarteconsulting.com\/wp-content\/uploads\/2023\/06\/fancine_5-300x225.jpeg 300w, https:\/\/comunicarteconsulting.com\/wp-content\/uploads\/2023\/06\/fancine_5-768x576.jpeg 768w, https:\/\/comunicarteconsulting.com\/wp-content\/uploads\/2023\/06\/fancine_5-1536x1152.jpeg 1536w, https:\/\/comunicarteconsulting.com\/wp-content\/uploads\/2023\/06\/fancine_5.jpeg 1600w\" sizes=\"(max-width: 1024px) 100vw, 1024px\" \/><\/a><\/figure>\n\n\n\n<figure class=\"wp-block-image size-large\"><a href=\"https:\/\/comunicarte.proyectoscoonic.es\/wp-content\/uploads\/2023\/06\/fancine_3.jpeg\"><img decoding=\"async\" loading=\"lazy\" width=\"1024\" height=\"768\" data-id=\"1596\" src=\"https:\/\/comunicarte.proyectoscoonic.es\/wp-content\/uploads\/2023\/06\/fancine_3-1024x768.jpeg\" alt=\"\" class=\"wp-image-1596\" srcset=\"https:\/\/comunicarteconsulting.com\/wp-content\/uploads\/2023\/06\/fancine_3-1024x768.jpeg 1024w, https:\/\/comunicarteconsulting.com\/wp-content\/uploads\/2023\/06\/fancine_3-300x225.jpeg 300w, https:\/\/comunicarteconsulting.com\/wp-content\/uploads\/2023\/06\/fancine_3-768x576.jpeg 768w, https:\/\/comunicarteconsulting.com\/wp-content\/uploads\/2023\/06\/fancine_3-1536x1152.jpeg 1536w, https:\/\/comunicarteconsulting.com\/wp-content\/uploads\/2023\/06\/fancine_3.jpeg 1600w\" sizes=\"(max-width: 1024px) 100vw, 1024px\" \/><\/a><\/figure>\n\n\n\n<figure class=\"wp-block-image size-large\"><a href=\"https:\/\/comunicarte.proyectoscoonic.es\/wp-content\/uploads\/2023\/06\/fancine_2.jpeg\"><img decoding=\"async\" loading=\"lazy\" width=\"1024\" height=\"945\" data-id=\"1595\" src=\"https:\/\/comunicarte.proyectoscoonic.es\/wp-content\/uploads\/2023\/06\/fancine_2-1024x945.jpeg\" alt=\"\" class=\"wp-image-1595\" srcset=\"https:\/\/comunicarteconsulting.com\/wp-content\/uploads\/2023\/06\/fancine_2-1024x945.jpeg 1024w, https:\/\/comunicarteconsulting.com\/wp-content\/uploads\/2023\/06\/fancine_2-300x277.jpeg 300w, https:\/\/comunicarteconsulting.com\/wp-content\/uploads\/2023\/06\/fancine_2-768x708.jpeg 768w, https:\/\/comunicarteconsulting.com\/wp-content\/uploads\/2023\/06\/fancine_2.jpeg 1301w\" sizes=\"(max-width: 1024px) 100vw, 1024px\" \/><\/a><\/figure>\n\n\n\n<figure class=\"wp-block-image size-large\"><a href=\"https:\/\/comunicarte.proyectoscoonic.es\/wp-content\/uploads\/2023\/06\/fancine_redes_1-scaled.jpeg\"><img decoding=\"async\" loading=\"lazy\" width=\"768\" height=\"1024\" data-id=\"1598\" src=\"https:\/\/comunicarte.proyectoscoonic.es\/wp-content\/uploads\/2023\/06\/fancine_redes_1-768x1024.jpeg\" alt=\"\" class=\"wp-image-1598\" srcset=\"https:\/\/comunicarteconsulting.com\/wp-content\/uploads\/2023\/06\/fancine_redes_1-768x1024.jpeg 768w, https:\/\/comunicarteconsulting.com\/wp-content\/uploads\/2023\/06\/fancine_redes_1-225x300.jpeg 225w, https:\/\/comunicarteconsulting.com\/wp-content\/uploads\/2023\/06\/fancine_redes_1-1152x1536.jpeg 1152w, https:\/\/comunicarteconsulting.com\/wp-content\/uploads\/2023\/06\/fancine_redes_1-1536x2048.jpeg 1536w, https:\/\/comunicarteconsulting.com\/wp-content\/uploads\/2023\/06\/fancine_redes_1-scaled.jpeg 1920w\" sizes=\"(max-width: 768px) 100vw, 768px\" \/><\/a><\/figure>\n\n\n\n<figure class=\"wp-block-image size-large\"><a href=\"https:\/\/comunicarte.proyectoscoonic.es\/wp-content\/uploads\/2023\/07\/fancine_7.jpg\"><img decoding=\"async\" loading=\"lazy\" width=\"768\" height=\"1024\" data-id=\"1944\" src=\"https:\/\/comunicarte.proyectoscoonic.es\/wp-content\/uploads\/2023\/07\/fancine_7-768x1024.jpg\" alt=\"\" class=\"wp-image-1944\" srcset=\"https:\/\/comunicarteconsulting.com\/wp-content\/uploads\/2023\/07\/fancine_7-768x1024.jpg 768w, https:\/\/comunicarteconsulting.com\/wp-content\/uploads\/2023\/07\/fancine_7-225x300.jpg 225w, https:\/\/comunicarteconsulting.com\/wp-content\/uploads\/2023\/07\/fancine_7.jpg 960w\" sizes=\"(max-width: 768px) 100vw, 768px\" \/><\/a><\/figure>\n\n\n\n<figure class=\"wp-block-image size-large\"><a href=\"https:\/\/comunicarte.proyectoscoonic.es\/wp-content\/uploads\/2023\/07\/fancine_8.jpg\"><img decoding=\"async\" loading=\"lazy\" width=\"1024\" height=\"768\" data-id=\"1945\" src=\"https:\/\/comunicarte.proyectoscoonic.es\/wp-content\/uploads\/2023\/07\/fancine_8-1024x768.jpg\" alt=\"\" class=\"wp-image-1945\" srcset=\"https:\/\/comunicarteconsulting.com\/wp-content\/uploads\/2023\/07\/fancine_8-1024x768.jpg 1024w, https:\/\/comunicarteconsulting.com\/wp-content\/uploads\/2023\/07\/fancine_8-300x225.jpg 300w, https:\/\/comunicarteconsulting.com\/wp-content\/uploads\/2023\/07\/fancine_8-768x576.jpg 768w, https:\/\/comunicarteconsulting.com\/wp-content\/uploads\/2023\/07\/fancine_8.jpg 1280w\" sizes=\"(max-width: 1024px) 100vw, 1024px\" \/><\/a><\/figure>\n<\/figure>\n","protected":false},"excerpt":{"rendered":"<p>November 2022:Organization of the closing ceremony of the 32nd edition of the Fantastic Film Festival of the University of Malaga.<\/p>\n","protected":false},"author":2,"featured_media":2290,"comment_status":"open","ping_status":"open","sticky":false,"template":"","format":"standard","meta":{"footnotes":""},"categories":[17],"tags":[],"yoast_head":"<!-- This site is optimized with the Yoast SEO plugin v21.5 - https:\/\/yoast.com\/wordpress\/plugins\/seo\/ -->\n<title>UMA Fantastic Film Festival - Comunicarte<\/title>\n<meta name=\"robots\" content=\"index, follow, max-snippet:-1, max-image-preview:large, max-video-preview:-1\" \/>\n<link rel=\"canonical\" href=\"https:\/\/comunicarteconsulting.com\/en\/uma-fantastic-film-festival\/\" \/>\n<meta property=\"og:locale\" content=\"en_US\" \/>\n<meta property=\"og:type\" content=\"article\" \/>\n<meta property=\"og:title\" content=\"UMA Fantastic Film Festival - Comunicarte\" \/>\n<meta property=\"og:description\" content=\"November 2022:Organization of the closing ceremony of the 32nd edition of the Fantastic Film Festival of the University of Malaga.\" \/>\n<meta property=\"og:url\" content=\"https:\/\/comunicarteconsulting.com\/en\/uma-fantastic-film-festival\/\" \/>\n<meta property=\"og:site_name\" content=\"Comunicarte\" \/>\n<meta property=\"article:published_time\" content=\"2022-06-27T08:54:06+00:00\" \/>\n<meta property=\"article:modified_time\" content=\"2023-09-01T10:30:48+00:00\" \/>\n<meta property=\"og:image\" content=\"https:\/\/comunicarteconsulting.com\/wp-content\/uploads\/2023\/06\/fancine_0.jpg\" \/>\n\t<meta property=\"og:image:width\" content=\"1280\" \/>\n\t<meta property=\"og:image:height\" content=\"960\" \/>\n\t<meta property=\"og:image:type\" content=\"image\/jpeg\" \/>\n<meta name=\"author\" content=\"AliceOKOK\" \/>\n<meta name=\"twitter:card\" content=\"summary_large_image\" \/>\n<meta name=\"twitter:label1\" content=\"Written by\" \/>\n\t<meta name=\"twitter:data1\" content=\"AliceOKOK\" \/>\n<script type=\"application\/ld+json\" class=\"yoast-schema-graph\">{\"@context\":\"https:\/\/schema.org\",\"@graph\":[{\"@type\":\"Article\",\"@id\":\"https:\/\/comunicarteconsulting.com\/en\/uma-fantastic-film-festival\/#article\",\"isPartOf\":{\"@id\":\"https:\/\/comunicarteconsulting.com\/en\/uma-fantastic-film-festival\/\"},\"author\":{\"name\":\"AliceOKOK\",\"@id\":\"https:\/\/comunicarteconsulting.com\/#\/schema\/person\/0fca6bb1198fc47d8a3f97f1d5ee1670\"},\"headline\":\"UMA Fantastic Film Festival\",\"datePublished\":\"2022-06-27T08:54:06+00:00\",\"dateModified\":\"2023-09-01T10:30:48+00:00\",\"mainEntityOfPage\":{\"@id\":\"https:\/\/comunicarteconsulting.com\/en\/uma-fantastic-film-festival\/\"},\"wordCount\":24,\"commentCount\":0,\"publisher\":{\"@id\":\"https:\/\/comunicarteconsulting.com\/#organization\"},\"articleSection\":[\"Cultural management\"],\"inLanguage\":\"en-US\",\"potentialAction\":[{\"@type\":\"CommentAction\",\"name\":\"Comment\",\"target\":[\"https:\/\/comunicarteconsulting.com\/en\/uma-fantastic-film-festival\/#respond\"]}]},{\"@type\":\"WebPage\",\"@id\":\"https:\/\/comunicarteconsulting.com\/en\/uma-fantastic-film-festival\/\",\"url\":\"https:\/\/comunicarteconsulting.com\/en\/uma-fantastic-film-festival\/\",\"name\":\"UMA Fantastic Film Festival - Comunicarte\",\"isPartOf\":{\"@id\":\"https:\/\/comunicarteconsulting.com\/#website\"},\"datePublished\":\"2022-06-27T08:54:06+00:00\",\"dateModified\":\"2023-09-01T10:30:48+00:00\",\"breadcrumb\":{\"@id\":\"https:\/\/comunicarteconsulting.com\/en\/uma-fantastic-film-festival\/#breadcrumb\"},\"inLanguage\":\"en-US\",\"potentialAction\":[{\"@type\":\"ReadAction\",\"target\":[\"https:\/\/comunicarteconsulting.com\/en\/uma-fantastic-film-festival\/\"]}]},{\"@type\":\"BreadcrumbList\",\"@id\":\"https:\/\/comunicarteconsulting.com\/en\/uma-fantastic-film-festival\/#breadcrumb\",\"itemListElement\":[{\"@type\":\"ListItem\",\"position\":1,\"name\":\"Portada\",\"item\":\"https:\/\/comunicarteconsulting.com\/\"},{\"@type\":\"ListItem\",\"position\":2,\"name\":\"UMA Fantastic Film Festival\"}]},{\"@type\":\"WebSite\",\"@id\":\"https:\/\/comunicarteconsulting.com\/#website\",\"url\":\"https:\/\/comunicarteconsulting.com\/\",\"name\":\"Comunicarte\",\"description\":\"Somos una empresa que dise\u00f1amos y gestionamos proyectos, iniciativas y espacios donde la cultura, el di\u00e1logo, la innovaci\u00f3n y la sostenibilidad son nuestras se\u00f1as de identidad.\",\"publisher\":{\"@id\":\"https:\/\/comunicarteconsulting.com\/#organization\"},\"potentialAction\":[{\"@type\":\"SearchAction\",\"target\":{\"@type\":\"EntryPoint\",\"urlTemplate\":\"https:\/\/comunicarteconsulting.com\/?s={search_term_string}\"},\"query-input\":\"required name=search_term_string\"}],\"inLanguage\":\"en-US\"},{\"@type\":\"Organization\",\"@id\":\"https:\/\/comunicarteconsulting.com\/#organization\",\"name\":\"Comunicarte\",\"url\":\"https:\/\/comunicarteconsulting.com\/\",\"logo\":{\"@type\":\"ImageObject\",\"inLanguage\":\"en-US\",\"@id\":\"https:\/\/comunicarteconsulting.com\/#\/schema\/logo\/image\/\",\"url\":\"https:\/\/comunicarteconsulting.com\/wp-content\/uploads\/2023\/05\/cropped-COMUNICARTE-LOGO.png\",\"contentUrl\":\"https:\/\/comunicarteconsulting.com\/wp-content\/uploads\/2023\/05\/cropped-COMUNICARTE-LOGO.png\",\"width\":426,\"height\":181,\"caption\":\"Comunicarte\"},\"image\":{\"@id\":\"https:\/\/comunicarteconsulting.com\/#\/schema\/logo\/image\/\"}},{\"@type\":\"Person\",\"@id\":\"https:\/\/comunicarteconsulting.com\/#\/schema\/person\/0fca6bb1198fc47d8a3f97f1d5ee1670\",\"name\":\"AliceOKOK\",\"image\":{\"@type\":\"ImageObject\",\"inLanguage\":\"en-US\",\"@id\":\"https:\/\/comunicarteconsulting.com\/#\/schema\/person\/image\/\",\"url\":\"https:\/\/secure.gravatar.com\/avatar\/abdf997870df84355754577c1f603ea8?s=96&d=mm&r=g\",\"contentUrl\":\"https:\/\/secure.gravatar.com\/avatar\/abdf997870df84355754577c1f603ea8?s=96&d=mm&r=g\",\"caption\":\"AliceOKOK\"},\"url\":\"https:\/\/comunicarteconsulting.com\/en\/author\/aliceokok\/\"}]}<\/script>\n<!-- \/ Yoast SEO plugin. -->","yoast_head_json":{"title":"UMA Fantastic Film Festival - Comunicarte","robots":{"index":"index","follow":"follow","max-snippet":"max-snippet:-1","max-image-preview":"max-image-preview:large","max-video-preview":"max-video-preview:-1"},"canonical":"https:\/\/comunicarteconsulting.com\/en\/uma-fantastic-film-festival\/","og_locale":"en_US","og_type":"article","og_title":"UMA Fantastic Film Festival - Comunicarte","og_description":"November 2022:Organization of the closing ceremony of the 32nd edition of the Fantastic Film Festival of the University of Malaga.","og_url":"https:\/\/comunicarteconsulting.com\/en\/uma-fantastic-film-festival\/","og_site_name":"Comunicarte","article_published_time":"2022-06-27T08:54:06+00:00","article_modified_time":"2023-09-01T10:30:48+00:00","og_image":[{"width":1280,"height":960,"url":"https:\/\/comunicarteconsulting.com\/wp-content\/uploads\/2023\/06\/fancine_0.jpg","type":"image\/jpeg"}],"author":"AliceOKOK","twitter_card":"summary_large_image","twitter_misc":{"Written by":"AliceOKOK"},"schema":{"@context":"https:\/\/schema.org","@graph":[{"@type":"Article","@id":"https:\/\/comunicarteconsulting.com\/en\/uma-fantastic-film-festival\/#article","isPartOf":{"@id":"https:\/\/comunicarteconsulting.com\/en\/uma-fantastic-film-festival\/"},"author":{"name":"AliceOKOK","@id":"https:\/\/comunicarteconsulting.com\/#\/schema\/person\/0fca6bb1198fc47d8a3f97f1d5ee1670"},"headline":"UMA Fantastic Film Festival","datePublished":"2022-06-27T08:54:06+00:00","dateModified":"2023-09-01T10:30:48+00:00","mainEntityOfPage":{"@id":"https:\/\/comunicarteconsulting.com\/en\/uma-fantastic-film-festival\/"},"wordCount":24,"commentCount":0,"publisher":{"@id":"https:\/\/comunicarteconsulting.com\/#organization"},"articleSection":["Cultural management"],"inLanguage":"en-US","potentialAction":[{"@type":"CommentAction","name":"Comment","target":["https:\/\/comunicarteconsulting.com\/en\/uma-fantastic-film-festival\/#respond"]}]},{"@type":"WebPage","@id":"https:\/\/comunicarteconsulting.com\/en\/uma-fantastic-film-festival\/","url":"https:\/\/comunicarteconsulting.com\/en\/uma-fantastic-film-festival\/","name":"UMA Fantastic Film Festival - Comunicarte","isPartOf":{"@id":"https:\/\/comunicarteconsulting.com\/#website"},"datePublished":"2022-06-27T08:54:06+00:00","dateModified":"2023-09-01T10:30:48+00:00","breadcrumb":{"@id":"https:\/\/comunicarteconsulting.com\/en\/uma-fantastic-film-festival\/#breadcrumb"},"inLanguage":"en-US","potentialAction":[{"@type":"ReadAction","target":["https:\/\/comunicarteconsulting.com\/en\/uma-fantastic-film-festival\/"]}]},{"@type":"BreadcrumbList","@id":"https:\/\/comunicarteconsulting.com\/en\/uma-fantastic-film-festival\/#breadcrumb","itemListElement":[{"@type":"ListItem","position":1,"name":"Portada","item":"https:\/\/comunicarteconsulting.com\/"},{"@type":"ListItem","position":2,"name":"UMA Fantastic Film Festival"}]},{"@type":"WebSite","@id":"https:\/\/comunicarteconsulting.com\/#website","url":"https:\/\/comunicarteconsulting.com\/","name":"Comunicarte","description":"Somos una empresa que dise\u00f1amos y gestionamos proyectos, iniciativas y espacios donde la cultura, el di\u00e1logo, la innovaci\u00f3n y la sostenibilidad son nuestras se\u00f1as de identidad.","publisher":{"@id":"https:\/\/comunicarteconsulting.com\/#organization"},"potentialAction":[{"@type":"SearchAction","target":{"@type":"EntryPoint","urlTemplate":"https:\/\/comunicarteconsulting.com\/?s={search_term_string}"},"query-input":"required name=search_term_string"}],"inLanguage":"en-US"},{"@type":"Organization","@id":"https:\/\/comunicarteconsulting.com\/#organization","name":"Comunicarte","url":"https:\/\/comunicarteconsulting.com\/","logo":{"@type":"ImageObject","inLanguage":"en-US","@id":"https:\/\/comunicarteconsulting.com\/#\/schema\/logo\/image\/","url":"https:\/\/comunicarteconsulting.com\/wp-content\/uploads\/2023\/05\/cropped-COMUNICARTE-LOGO.png","contentUrl":"https:\/\/comunicarteconsulting.com\/wp-content\/uploads\/2023\/05\/cropped-COMUNICARTE-LOGO.png","width":426,"height":181,"caption":"Comunicarte"},"image":{"@id":"https:\/\/comunicarteconsulting.com\/#\/schema\/logo\/image\/"}},{"@type":"Person","@id":"https:\/\/comunicarteconsulting.com\/#\/schema\/person\/0fca6bb1198fc47d8a3f97f1d5ee1670","name":"AliceOKOK","image":{"@type":"ImageObject","inLanguage":"en-US","@id":"https:\/\/comunicarteconsulting.com\/#\/schema\/person\/image\/","url":"https:\/\/secure.gravatar.com\/avatar\/abdf997870df84355754577c1f603ea8?s=96&d=mm&r=g","contentUrl":"https:\/\/secure.gravatar.com\/avatar\/abdf997870df84355754577c1f603ea8?s=96&d=mm&r=g","caption":"AliceOKOK"},"url":"https:\/\/comunicarteconsulting.com\/en\/author\/aliceokok\/"}]}},"_links":{"self":[{"href":"https:\/\/comunicarteconsulting.com\/en\/wp-json\/wp\/v2\/posts\/2361"}],"collection":[{"href":"https:\/\/comunicarteconsulting.com\/en\/wp-json\/wp\/v2\/posts"}],"about":[{"href":"https:\/\/comunicarteconsulting.com\/en\/wp-json\/wp\/v2\/types\/post"}],"author":[{"embeddable":true,"href":"https:\/\/comunicarteconsulting.com\/en\/wp-json\/wp\/v2\/users\/2"}],"replies":[{"embeddable":true,"href":"https:\/\/comunicarteconsulting.com\/en\/wp-json\/wp\/v2\/comments?post=2361"}],"version-history":[{"count":1,"href":"https:\/\/comunicarteconsulting.com\/en\/wp-json\/wp\/v2\/posts\/2361\/revisions"}],"predecessor-version":[{"id":2362,"href":"https:\/\/comunicarteconsulting.com\/en\/wp-json\/wp\/v2\/posts\/2361\/revisions\/2362"}],"wp:featuredmedia":[{"embeddable":true,"href":"https:\/\/comunicarteconsulting.com\/en\/wp-json\/wp\/v2\/media\/2290"}],"wp:attachment":[{"href":"https:\/\/comunicarteconsulting.com\/en\/wp-json\/wp\/v2\/media?parent=2361"}],"wp:term":[{"taxonomy":"category","embeddable":true,"href":"https:\/\/comunicarteconsulting.com\/en\/wp-json\/wp\/v2\/categories?post=2361"},{"taxonomy":"post_tag","embeddable":true,"href":"https:\/\/comunicarteconsulting.com\/en\/wp-json\/wp\/v2\/tags?post=2361"}],"curies":[{"name":"wp","href":"https:\/\/api.w.org\/{rel}","templated":true}]}}