{"id":2359,"date":"2023-06-26T06:16:00","date_gmt":"2023-06-26T06:16:00","guid":{"rendered":"https:\/\/comunicarteconsulting.com\/exhibition-tales-of-pierre-gonord-in-malaga\/"},"modified":"2023-09-01T10:30:10","modified_gmt":"2023-09-01T10:30:10","slug":"exhibition-tales-of-pierre-gonord-in-malaga","status":"publish","type":"post","link":"https:\/\/comunicarteconsulting.com\/en\/exhibition-tales-of-pierre-gonord-in-malaga\/","title":{"rendered":"Exhibition Tales of Pierre Gonord in M\u00e1laga"},"content":{"rendered":"\n<p><strong>January 2023. <\/strong>Production and coordination of the exhibition &#8216;Tales&#8217; by the artist Pierre Gonnord, held at the Rectorate Hall of the UMA and curated by Sema D&#8217;Acosta.<\/p>\n\n<figure class=\"wp-block-gallery has-nested-images columns-4 is-cropped wp-block-gallery-1 is-layout-flex wp-block-gallery-is-layout-flex\">\n<figure class=\"wp-block-image size-large\"><a href=\"https:\/\/comunicarte.proyectoscoonic.es\/wp-content\/uploads\/2023\/06\/IMG-0281-scaled.jpeg\"><img decoding=\"async\" loading=\"lazy\" width=\"768\" height=\"1024\" data-id=\"1618\" src=\"https:\/\/comunicarte.proyectoscoonic.es\/wp-content\/uploads\/2023\/06\/IMG-0281-768x1024.jpeg\" alt=\"\" class=\"wp-image-1618\" srcset=\"https:\/\/comunicarteconsulting.com\/wp-content\/uploads\/2023\/06\/IMG-0281-768x1024.jpeg 768w, https:\/\/comunicarteconsulting.com\/wp-content\/uploads\/2023\/06\/IMG-0281-225x300.jpeg 225w, https:\/\/comunicarteconsulting.com\/wp-content\/uploads\/2023\/06\/IMG-0281-1152x1536.jpeg 1152w, https:\/\/comunicarteconsulting.com\/wp-content\/uploads\/2023\/06\/IMG-0281-1536x2048.jpeg 1536w, https:\/\/comunicarteconsulting.com\/wp-content\/uploads\/2023\/06\/IMG-0281-scaled.jpeg 1920w\" sizes=\"(max-width: 768px) 100vw, 768px\" \/><\/a><\/figure>\n\n\n\n<figure class=\"wp-block-image size-large\"><a href=\"https:\/\/comunicarte.proyectoscoonic.es\/wp-content\/uploads\/2023\/06\/IMG-0314-scaled.jpeg\"><img decoding=\"async\" loading=\"lazy\" width=\"768\" height=\"1024\" data-id=\"1621\" src=\"https:\/\/comunicarte.proyectoscoonic.es\/wp-content\/uploads\/2023\/06\/IMG-0314-768x1024.jpeg\" alt=\"\" class=\"wp-image-1621\" srcset=\"https:\/\/comunicarteconsulting.com\/wp-content\/uploads\/2023\/06\/IMG-0314-768x1024.jpeg 768w, https:\/\/comunicarteconsulting.com\/wp-content\/uploads\/2023\/06\/IMG-0314-225x300.jpeg 225w, https:\/\/comunicarteconsulting.com\/wp-content\/uploads\/2023\/06\/IMG-0314-1152x1536.jpeg 1152w, https:\/\/comunicarteconsulting.com\/wp-content\/uploads\/2023\/06\/IMG-0314-1536x2048.jpeg 1536w, https:\/\/comunicarteconsulting.com\/wp-content\/uploads\/2023\/06\/IMG-0314-scaled.jpeg 1920w\" sizes=\"(max-width: 768px) 100vw, 768px\" \/><\/a><\/figure>\n\n\n\n<figure class=\"wp-block-image size-large\"><a href=\"https:\/\/comunicarte.proyectoscoonic.es\/wp-content\/uploads\/2023\/06\/pierre_1-scaled.jpeg\"><img decoding=\"async\" loading=\"lazy\" width=\"1024\" height=\"768\" data-id=\"1633\" src=\"https:\/\/comunicarte.proyectoscoonic.es\/wp-content\/uploads\/2023\/06\/pierre_1-1024x768.jpeg\" alt=\"\" class=\"wp-image-1633\" srcset=\"https:\/\/comunicarteconsulting.com\/wp-content\/uploads\/2023\/06\/pierre_1-1024x768.jpeg 1024w, https:\/\/comunicarteconsulting.com\/wp-content\/uploads\/2023\/06\/pierre_1-300x225.jpeg 300w, https:\/\/comunicarteconsulting.com\/wp-content\/uploads\/2023\/06\/pierre_1-768x576.jpeg 768w, https:\/\/comunicarteconsulting.com\/wp-content\/uploads\/2023\/06\/pierre_1-1536x1152.jpeg 1536w, https:\/\/comunicarteconsulting.com\/wp-content\/uploads\/2023\/06\/pierre_1-2048x1536.jpeg 2048w\" sizes=\"(max-width: 1024px) 100vw, 1024px\" \/><\/a><\/figure>\n\n\n\n<figure class=\"wp-block-image size-large\"><a href=\"https:\/\/comunicarte.proyectoscoonic.es\/wp-content\/uploads\/2023\/06\/pierre_2.jpeg\"><img decoding=\"async\" loading=\"lazy\" width=\"1024\" height=\"768\" data-id=\"1634\" src=\"https:\/\/comunicarte.proyectoscoonic.es\/wp-content\/uploads\/2023\/06\/pierre_2-1024x768.jpeg\" alt=\"\" class=\"wp-image-1634\" srcset=\"https:\/\/comunicarteconsulting.com\/wp-content\/uploads\/2023\/06\/pierre_2-1024x768.jpeg 1024w, https:\/\/comunicarteconsulting.com\/wp-content\/uploads\/2023\/06\/pierre_2-300x225.jpeg 300w, https:\/\/comunicarteconsulting.com\/wp-content\/uploads\/2023\/06\/pierre_2-768x576.jpeg 768w, https:\/\/comunicarteconsulting.com\/wp-content\/uploads\/2023\/06\/pierre_2-1536x1152.jpeg 1536w, https:\/\/comunicarteconsulting.com\/wp-content\/uploads\/2023\/06\/pierre_2.jpeg 1600w\" sizes=\"(max-width: 1024px) 100vw, 1024px\" \/><\/a><\/figure>\n\n\n\n<figure class=\"wp-block-image size-large\"><a href=\"https:\/\/comunicarte.proyectoscoonic.es\/wp-content\/uploads\/2023\/06\/pierre_6.jpeg\"><img decoding=\"async\" loading=\"lazy\" width=\"768\" height=\"1024\" data-id=\"1636\" src=\"https:\/\/comunicarte.proyectoscoonic.es\/wp-content\/uploads\/2023\/06\/pierre_6-768x1024.jpeg\" alt=\"\" class=\"wp-image-1636\" srcset=\"https:\/\/comunicarteconsulting.com\/wp-content\/uploads\/2023\/06\/pierre_6-768x1024.jpeg 768w, https:\/\/comunicarteconsulting.com\/wp-content\/uploads\/2023\/06\/pierre_6-225x300.jpeg 225w, https:\/\/comunicarteconsulting.com\/wp-content\/uploads\/2023\/06\/pierre_6-1152x1536.jpeg 1152w, https:\/\/comunicarteconsulting.com\/wp-content\/uploads\/2023\/06\/pierre_6.jpeg 1512w\" sizes=\"(max-width: 768px) 100vw, 768px\" \/><\/a><\/figure>\n\n\n\n<figure class=\"wp-block-image size-large\"><a href=\"https:\/\/comunicarte.proyectoscoonic.es\/wp-content\/uploads\/2023\/06\/pierre_7.jpeg\"><img decoding=\"async\" loading=\"lazy\" width=\"1024\" height=\"768\" data-id=\"1637\" src=\"https:\/\/comunicarte.proyectoscoonic.es\/wp-content\/uploads\/2023\/06\/pierre_7-1024x768.jpeg\" alt=\"\" class=\"wp-image-1637\" srcset=\"https:\/\/comunicarteconsulting.com\/wp-content\/uploads\/2023\/06\/pierre_7-1024x768.jpeg 1024w, https:\/\/comunicarteconsulting.com\/wp-content\/uploads\/2023\/06\/pierre_7-300x225.jpeg 300w, https:\/\/comunicarteconsulting.com\/wp-content\/uploads\/2023\/06\/pierre_7-768x576.jpeg 768w, https:\/\/comunicarteconsulting.com\/wp-content\/uploads\/2023\/06\/pierre_7-1536x1152.jpeg 1536w, https:\/\/comunicarteconsulting.com\/wp-content\/uploads\/2023\/06\/pierre_7.jpeg 2016w\" sizes=\"(max-width: 1024px) 100vw, 1024px\" \/><\/a><\/figure>\n\n\n\n<figure class=\"wp-block-image size-large\"><a href=\"https:\/\/comunicarte.proyectoscoonic.es\/wp-content\/uploads\/2023\/06\/pierre_3-scaled.jpeg\"><img decoding=\"async\" loading=\"lazy\" width=\"768\" height=\"1024\" data-id=\"1932\" src=\"https:\/\/comunicarte.proyectoscoonic.es\/wp-content\/uploads\/2023\/06\/pierre_3-768x1024.jpeg\" alt=\"\" class=\"wp-image-1932\" srcset=\"https:\/\/comunicarteconsulting.com\/wp-content\/uploads\/2023\/06\/pierre_3-768x1024.jpeg 768w, https:\/\/comunicarteconsulting.com\/wp-content\/uploads\/2023\/06\/pierre_3-225x300.jpeg 225w, https:\/\/comunicarteconsulting.com\/wp-content\/uploads\/2023\/06\/pierre_3-1152x1536.jpeg 1152w, https:\/\/comunicarteconsulting.com\/wp-content\/uploads\/2023\/06\/pierre_3-1536x2048.jpeg 1536w, https:\/\/comunicarteconsulting.com\/wp-content\/uploads\/2023\/06\/pierre_3-scaled.jpeg 1920w\" sizes=\"(max-width: 768px) 100vw, 768px\" \/><\/a><\/figure>\n\n\n\n<figure class=\"wp-block-image size-large\"><a href=\"https:\/\/comunicarte.proyectoscoonic.es\/wp-content\/uploads\/2023\/07\/pierre_8.jpg\"><img decoding=\"async\" loading=\"lazy\" width=\"1024\" height=\"768\" data-id=\"1958\" src=\"https:\/\/comunicarte.proyectoscoonic.es\/wp-content\/uploads\/2023\/07\/pierre_8-1024x768.jpg\" alt=\"\" class=\"wp-image-1958\" srcset=\"https:\/\/comunicarteconsulting.com\/wp-content\/uploads\/2023\/07\/pierre_8-1024x768.jpg 1024w, https:\/\/comunicarteconsulting.com\/wp-content\/uploads\/2023\/07\/pierre_8-300x225.jpg 300w, https:\/\/comunicarteconsulting.com\/wp-content\/uploads\/2023\/07\/pierre_8-768x576.jpg 768w, https:\/\/comunicarteconsulting.com\/wp-content\/uploads\/2023\/07\/pierre_8.jpg 1280w\" sizes=\"(max-width: 1024px) 100vw, 1024px\" \/><\/a><\/figure>\n\n\n\n<figure class=\"wp-block-image size-large\"><a href=\"https:\/\/comunicarte.proyectoscoonic.es\/wp-content\/uploads\/2023\/07\/pierre_9.jpg\"><img decoding=\"async\" loading=\"lazy\" width=\"1024\" height=\"768\" data-id=\"1960\" src=\"https:\/\/comunicarte.proyectoscoonic.es\/wp-content\/uploads\/2023\/07\/pierre_9-1024x768.jpg\" alt=\"\" class=\"wp-image-1960\" srcset=\"https:\/\/comunicarteconsulting.com\/wp-content\/uploads\/2023\/07\/pierre_9-1024x768.jpg 1024w, https:\/\/comunicarteconsulting.com\/wp-content\/uploads\/2023\/07\/pierre_9-300x225.jpg 300w, https:\/\/comunicarteconsulting.com\/wp-content\/uploads\/2023\/07\/pierre_9-768x576.jpg 768w, https:\/\/comunicarteconsulting.com\/wp-content\/uploads\/2023\/07\/pierre_9.jpg 1280w\" sizes=\"(max-width: 1024px) 100vw, 1024px\" \/><\/a><\/figure>\n\n\n\n<figure class=\"wp-block-image size-large\"><a href=\"https:\/\/comunicarte.proyectoscoonic.es\/wp-content\/uploads\/2023\/07\/pierre_10.jpg\"><img decoding=\"async\" loading=\"lazy\" width=\"1024\" height=\"768\" data-id=\"1957\" src=\"https:\/\/comunicarte.proyectoscoonic.es\/wp-content\/uploads\/2023\/07\/pierre_10-1024x768.jpg\" alt=\"\" class=\"wp-image-1957\" srcset=\"https:\/\/comunicarteconsulting.com\/wp-content\/uploads\/2023\/07\/pierre_10-1024x768.jpg 1024w, https:\/\/comunicarteconsulting.com\/wp-content\/uploads\/2023\/07\/pierre_10-300x225.jpg 300w, https:\/\/comunicarteconsulting.com\/wp-content\/uploads\/2023\/07\/pierre_10-768x576.jpg 768w, https:\/\/comunicarteconsulting.com\/wp-content\/uploads\/2023\/07\/pierre_10.jpg 1280w\" sizes=\"(max-width: 1024px) 100vw, 1024px\" \/><\/a><\/figure>\n\n\n\n<figure class=\"wp-block-image size-large\"><a href=\"https:\/\/comunicarte.proyectoscoonic.es\/wp-content\/uploads\/2023\/07\/pierre_11.jpg\"><img decoding=\"async\" loading=\"lazy\" width=\"1024\" height=\"768\" data-id=\"1959\" src=\"https:\/\/comunicarte.proyectoscoonic.es\/wp-content\/uploads\/2023\/07\/pierre_11-1024x768.jpg\" alt=\"\" class=\"wp-image-1959\" srcset=\"https:\/\/comunicarteconsulting.com\/wp-content\/uploads\/2023\/07\/pierre_11-1024x768.jpg 1024w, https:\/\/comunicarteconsulting.com\/wp-content\/uploads\/2023\/07\/pierre_11-300x225.jpg 300w, https:\/\/comunicarteconsulting.com\/wp-content\/uploads\/2023\/07\/pierre_11-768x576.jpg 768w, https:\/\/comunicarteconsulting.com\/wp-content\/uploads\/2023\/07\/pierre_11.jpg 1280w\" sizes=\"(max-width: 1024px) 100vw, 1024px\" \/><\/a><\/figure>\n<\/figure>\n","protected":false},"excerpt":{"rendered":"<p>January 2023. Production and coordination of the exhibition &#8216;Tales&#8217; by the artist Pierre Gonnord, held at the Rectorate Hall of the UMA and curated by Sema D&#8217;Acosta.<\/p>\n","protected":false},"author":2,"featured_media":2248,"comment_status":"open","ping_status":"open","sticky":false,"template":"","format":"standard","meta":{"footnotes":""},"categories":[17],"tags":[],"yoast_head":"<!-- This site is optimized with the Yoast SEO plugin v21.5 - https:\/\/yoast.com\/wordpress\/plugins\/seo\/ -->\n<title>Exhibition Tales of Pierre Gonord in M\u00e1laga - Comunicarte<\/title>\n<meta name=\"robots\" content=\"index, follow, max-snippet:-1, max-image-preview:large, max-video-preview:-1\" \/>\n<link rel=\"canonical\" href=\"https:\/\/comunicarteconsulting.com\/en\/exhibition-tales-of-pierre-gonord-in-malaga\/\" \/>\n<meta property=\"og:locale\" content=\"en_US\" \/>\n<meta property=\"og:type\" content=\"article\" \/>\n<meta property=\"og:title\" content=\"Exhibition Tales of Pierre Gonord in M\u00e1laga - Comunicarte\" \/>\n<meta property=\"og:description\" content=\"January 2023. Production and coordination of the exhibition &#8216;Tales&#8217; by the artist Pierre Gonnord, held at the Rectorate Hall of the UMA and curated by Sema D&#8217;Acosta.\" \/>\n<meta property=\"og:url\" content=\"https:\/\/comunicarteconsulting.com\/en\/exhibition-tales-of-pierre-gonord-in-malaga\/\" \/>\n<meta property=\"og:site_name\" content=\"Comunicarte\" \/>\n<meta property=\"article:published_time\" content=\"2023-06-26T06:16:00+00:00\" \/>\n<meta property=\"article:modified_time\" content=\"2023-09-01T10:30:10+00:00\" \/>\n<meta property=\"og:image\" content=\"https:\/\/comunicarteconsulting.com\/wp-content\/uploads\/2023\/06\/PHOTO-2023-02-02-20-33-44.jpeg\" \/>\n\t<meta property=\"og:image:width\" content=\"2048\" \/>\n\t<meta property=\"og:image:height\" content=\"1536\" \/>\n\t<meta property=\"og:image:type\" content=\"image\/jpeg\" \/>\n<meta name=\"author\" content=\"AliceOKOK\" \/>\n<meta name=\"twitter:card\" content=\"summary_large_image\" \/>\n<meta name=\"twitter:label1\" content=\"Written by\" \/>\n\t<meta name=\"twitter:data1\" content=\"AliceOKOK\" \/>\n<script type=\"application\/ld+json\" class=\"yoast-schema-graph\">{\"@context\":\"https:\/\/schema.org\",\"@graph\":[{\"@type\":\"Article\",\"@id\":\"https:\/\/comunicarteconsulting.com\/en\/exhibition-tales-of-pierre-gonord-in-malaga\/#article\",\"isPartOf\":{\"@id\":\"https:\/\/comunicarteconsulting.com\/en\/exhibition-tales-of-pierre-gonord-in-malaga\/\"},\"author\":{\"name\":\"AliceOKOK\",\"@id\":\"https:\/\/comunicarteconsulting.com\/#\/schema\/person\/0fca6bb1198fc47d8a3f97f1d5ee1670\"},\"headline\":\"Exhibition Tales of Pierre Gonord in M\u00e1laga\",\"datePublished\":\"2023-06-26T06:16:00+00:00\",\"dateModified\":\"2023-09-01T10:30:10+00:00\",\"mainEntityOfPage\":{\"@id\":\"https:\/\/comunicarteconsulting.com\/en\/exhibition-tales-of-pierre-gonord-in-malaga\/\"},\"wordCount\":35,\"commentCount\":0,\"publisher\":{\"@id\":\"https:\/\/comunicarteconsulting.com\/#organization\"},\"articleSection\":[\"Cultural management\"],\"inLanguage\":\"en-US\",\"potentialAction\":[{\"@type\":\"CommentAction\",\"name\":\"Comment\",\"target\":[\"https:\/\/comunicarteconsulting.com\/en\/exhibition-tales-of-pierre-gonord-in-malaga\/#respond\"]}]},{\"@type\":\"WebPage\",\"@id\":\"https:\/\/comunicarteconsulting.com\/en\/exhibition-tales-of-pierre-gonord-in-malaga\/\",\"url\":\"https:\/\/comunicarteconsulting.com\/en\/exhibition-tales-of-pierre-gonord-in-malaga\/\",\"name\":\"Exhibition Tales of Pierre Gonord in M\u00e1laga - Comunicarte\",\"isPartOf\":{\"@id\":\"https:\/\/comunicarteconsulting.com\/#website\"},\"datePublished\":\"2023-06-26T06:16:00+00:00\",\"dateModified\":\"2023-09-01T10:30:10+00:00\",\"breadcrumb\":{\"@id\":\"https:\/\/comunicarteconsulting.com\/en\/exhibition-tales-of-pierre-gonord-in-malaga\/#breadcrumb\"},\"inLanguage\":\"en-US\",\"potentialAction\":[{\"@type\":\"ReadAction\",\"target\":[\"https:\/\/comunicarteconsulting.com\/en\/exhibition-tales-of-pierre-gonord-in-malaga\/\"]}]},{\"@type\":\"BreadcrumbList\",\"@id\":\"https:\/\/comunicarteconsulting.com\/en\/exhibition-tales-of-pierre-gonord-in-malaga\/#breadcrumb\",\"itemListElement\":[{\"@type\":\"ListItem\",\"position\":1,\"name\":\"Portada\",\"item\":\"https:\/\/comunicarteconsulting.com\/\"},{\"@type\":\"ListItem\",\"position\":2,\"name\":\"Exhibition Tales of Pierre Gonord in M\u00e1laga\"}]},{\"@type\":\"WebSite\",\"@id\":\"https:\/\/comunicarteconsulting.com\/#website\",\"url\":\"https:\/\/comunicarteconsulting.com\/\",\"name\":\"Comunicarte\",\"description\":\"Somos una empresa que dise\u00f1amos y gestionamos proyectos, iniciativas y espacios donde la cultura, el di\u00e1logo, la innovaci\u00f3n y la sostenibilidad son nuestras se\u00f1as de identidad.\",\"publisher\":{\"@id\":\"https:\/\/comunicarteconsulting.com\/#organization\"},\"potentialAction\":[{\"@type\":\"SearchAction\",\"target\":{\"@type\":\"EntryPoint\",\"urlTemplate\":\"https:\/\/comunicarteconsulting.com\/?s={search_term_string}\"},\"query-input\":\"required name=search_term_string\"}],\"inLanguage\":\"en-US\"},{\"@type\":\"Organization\",\"@id\":\"https:\/\/comunicarteconsulting.com\/#organization\",\"name\":\"Comunicarte\",\"url\":\"https:\/\/comunicarteconsulting.com\/\",\"logo\":{\"@type\":\"ImageObject\",\"inLanguage\":\"en-US\",\"@id\":\"https:\/\/comunicarteconsulting.com\/#\/schema\/logo\/image\/\",\"url\":\"https:\/\/comunicarteconsulting.com\/wp-content\/uploads\/2023\/05\/cropped-COMUNICARTE-LOGO.png\",\"contentUrl\":\"https:\/\/comunicarteconsulting.com\/wp-content\/uploads\/2023\/05\/cropped-COMUNICARTE-LOGO.png\",\"width\":426,\"height\":181,\"caption\":\"Comunicarte\"},\"image\":{\"@id\":\"https:\/\/comunicarteconsulting.com\/#\/schema\/logo\/image\/\"}},{\"@type\":\"Person\",\"@id\":\"https:\/\/comunicarteconsulting.com\/#\/schema\/person\/0fca6bb1198fc47d8a3f97f1d5ee1670\",\"name\":\"AliceOKOK\",\"image\":{\"@type\":\"ImageObject\",\"inLanguage\":\"en-US\",\"@id\":\"https:\/\/comunicarteconsulting.com\/#\/schema\/person\/image\/\",\"url\":\"https:\/\/secure.gravatar.com\/avatar\/abdf997870df84355754577c1f603ea8?s=96&d=mm&r=g\",\"contentUrl\":\"https:\/\/secure.gravatar.com\/avatar\/abdf997870df84355754577c1f603ea8?s=96&d=mm&r=g\",\"caption\":\"AliceOKOK\"},\"url\":\"https:\/\/comunicarteconsulting.com\/en\/author\/aliceokok\/\"}]}<\/script>\n<!-- \/ Yoast SEO plugin. -->","yoast_head_json":{"title":"Exhibition Tales of Pierre Gonord in M\u00e1laga - Comunicarte","robots":{"index":"index","follow":"follow","max-snippet":"max-snippet:-1","max-image-preview":"max-image-preview:large","max-video-preview":"max-video-preview:-1"},"canonical":"https:\/\/comunicarteconsulting.com\/en\/exhibition-tales-of-pierre-gonord-in-malaga\/","og_locale":"en_US","og_type":"article","og_title":"Exhibition Tales of Pierre Gonord in M\u00e1laga - Comunicarte","og_description":"January 2023. Production and coordination of the exhibition &#8216;Tales&#8217; by the artist Pierre Gonnord, held at the Rectorate Hall of the UMA and curated by Sema D&#8217;Acosta.","og_url":"https:\/\/comunicarteconsulting.com\/en\/exhibition-tales-of-pierre-gonord-in-malaga\/","og_site_name":"Comunicarte","article_published_time":"2023-06-26T06:16:00+00:00","article_modified_time":"2023-09-01T10:30:10+00:00","og_image":[{"width":2048,"height":1536,"url":"https:\/\/comunicarteconsulting.com\/wp-content\/uploads\/2023\/06\/PHOTO-2023-02-02-20-33-44.jpeg","type":"image\/jpeg"}],"author":"AliceOKOK","twitter_card":"summary_large_image","twitter_misc":{"Written by":"AliceOKOK"},"schema":{"@context":"https:\/\/schema.org","@graph":[{"@type":"Article","@id":"https:\/\/comunicarteconsulting.com\/en\/exhibition-tales-of-pierre-gonord-in-malaga\/#article","isPartOf":{"@id":"https:\/\/comunicarteconsulting.com\/en\/exhibition-tales-of-pierre-gonord-in-malaga\/"},"author":{"name":"AliceOKOK","@id":"https:\/\/comunicarteconsulting.com\/#\/schema\/person\/0fca6bb1198fc47d8a3f97f1d5ee1670"},"headline":"Exhibition Tales of Pierre Gonord in M\u00e1laga","datePublished":"2023-06-26T06:16:00+00:00","dateModified":"2023-09-01T10:30:10+00:00","mainEntityOfPage":{"@id":"https:\/\/comunicarteconsulting.com\/en\/exhibition-tales-of-pierre-gonord-in-malaga\/"},"wordCount":35,"commentCount":0,"publisher":{"@id":"https:\/\/comunicarteconsulting.com\/#organization"},"articleSection":["Cultural management"],"inLanguage":"en-US","potentialAction":[{"@type":"CommentAction","name":"Comment","target":["https:\/\/comunicarteconsulting.com\/en\/exhibition-tales-of-pierre-gonord-in-malaga\/#respond"]}]},{"@type":"WebPage","@id":"https:\/\/comunicarteconsulting.com\/en\/exhibition-tales-of-pierre-gonord-in-malaga\/","url":"https:\/\/comunicarteconsulting.com\/en\/exhibition-tales-of-pierre-gonord-in-malaga\/","name":"Exhibition Tales of Pierre Gonord in M\u00e1laga - Comunicarte","isPartOf":{"@id":"https:\/\/comunicarteconsulting.com\/#website"},"datePublished":"2023-06-26T06:16:00+00:00","dateModified":"2023-09-01T10:30:10+00:00","breadcrumb":{"@id":"https:\/\/comunicarteconsulting.com\/en\/exhibition-tales-of-pierre-gonord-in-malaga\/#breadcrumb"},"inLanguage":"en-US","potentialAction":[{"@type":"ReadAction","target":["https:\/\/comunicarteconsulting.com\/en\/exhibition-tales-of-pierre-gonord-in-malaga\/"]}]},{"@type":"BreadcrumbList","@id":"https:\/\/comunicarteconsulting.com\/en\/exhibition-tales-of-pierre-gonord-in-malaga\/#breadcrumb","itemListElement":[{"@type":"ListItem","position":1,"name":"Portada","item":"https:\/\/comunicarteconsulting.com\/"},{"@type":"ListItem","position":2,"name":"Exhibition Tales of Pierre Gonord in M\u00e1laga"}]},{"@type":"WebSite","@id":"https:\/\/comunicarteconsulting.com\/#website","url":"https:\/\/comunicarteconsulting.com\/","name":"Comunicarte","description":"Somos una empresa que dise\u00f1amos y gestionamos proyectos, iniciativas y espacios donde la cultura, el di\u00e1logo, la innovaci\u00f3n y la sostenibilidad son nuestras se\u00f1as de identidad.","publisher":{"@id":"https:\/\/comunicarteconsulting.com\/#organization"},"potentialAction":[{"@type":"SearchAction","target":{"@type":"EntryPoint","urlTemplate":"https:\/\/comunicarteconsulting.com\/?s={search_term_string}"},"query-input":"required name=search_term_string"}],"inLanguage":"en-US"},{"@type":"Organization","@id":"https:\/\/comunicarteconsulting.com\/#organization","name":"Comunicarte","url":"https:\/\/comunicarteconsulting.com\/","logo":{"@type":"ImageObject","inLanguage":"en-US","@id":"https:\/\/comunicarteconsulting.com\/#\/schema\/logo\/image\/","url":"https:\/\/comunicarteconsulting.com\/wp-content\/uploads\/2023\/05\/cropped-COMUNICARTE-LOGO.png","contentUrl":"https:\/\/comunicarteconsulting.com\/wp-content\/uploads\/2023\/05\/cropped-COMUNICARTE-LOGO.png","width":426,"height":181,"caption":"Comunicarte"},"image":{"@id":"https:\/\/comunicarteconsulting.com\/#\/schema\/logo\/image\/"}},{"@type":"Person","@id":"https:\/\/comunicarteconsulting.com\/#\/schema\/person\/0fca6bb1198fc47d8a3f97f1d5ee1670","name":"AliceOKOK","image":{"@type":"ImageObject","inLanguage":"en-US","@id":"https:\/\/comunicarteconsulting.com\/#\/schema\/person\/image\/","url":"https:\/\/secure.gravatar.com\/avatar\/abdf997870df84355754577c1f603ea8?s=96&d=mm&r=g","contentUrl":"https:\/\/secure.gravatar.com\/avatar\/abdf997870df84355754577c1f603ea8?s=96&d=mm&r=g","caption":"AliceOKOK"},"url":"https:\/\/comunicarteconsulting.com\/en\/author\/aliceokok\/"}]}},"_links":{"self":[{"href":"https:\/\/comunicarteconsulting.com\/en\/wp-json\/wp\/v2\/posts\/2359"}],"collection":[{"href":"https:\/\/comunicarteconsulting.com\/en\/wp-json\/wp\/v2\/posts"}],"about":[{"href":"https:\/\/comunicarteconsulting.com\/en\/wp-json\/wp\/v2\/types\/post"}],"author":[{"embeddable":true,"href":"https:\/\/comunicarteconsulting.com\/en\/wp-json\/wp\/v2\/users\/2"}],"replies":[{"embeddable":true,"href":"https:\/\/comunicarteconsulting.com\/en\/wp-json\/wp\/v2\/comments?post=2359"}],"version-history":[{"count":1,"href":"https:\/\/comunicarteconsulting.com\/en\/wp-json\/wp\/v2\/posts\/2359\/revisions"}],"predecessor-version":[{"id":2360,"href":"https:\/\/comunicarteconsulting.com\/en\/wp-json\/wp\/v2\/posts\/2359\/revisions\/2360"}],"wp:featuredmedia":[{"embeddable":true,"href":"https:\/\/comunicarteconsulting.com\/en\/wp-json\/wp\/v2\/media\/2248"}],"wp:attachment":[{"href":"https:\/\/comunicarteconsulting.com\/en\/wp-json\/wp\/v2\/media?parent=2359"}],"wp:term":[{"taxonomy":"category","embeddable":true,"href":"https:\/\/comunicarteconsulting.com\/en\/wp-json\/wp\/v2\/categories?post=2359"},{"taxonomy":"post_tag","embeddable":true,"href":"https:\/\/comunicarteconsulting.com\/en\/wp-json\/wp\/v2\/tags?post=2359"}],"curies":[{"name":"wp","href":"https:\/\/api.w.org\/{rel}","templated":true}]}}